{"id":5771,"date":"2020-11-10T14:40:07","date_gmt":"2020-11-10T13:40:07","guid":{"rendered":"https:\/\/linares.salesianos.edu\/colegio\/arranca-el-50-aniversario-del-colegio\/"},"modified":"2020-11-11T18:58:38","modified_gmt":"2020-11-11T17:58:38","slug":"arranca-el-50-aniversario-del-colegio","status":"publish","type":"post","link":"https:\/\/linares.salesianos.edu\/colegio\/arranca-el-50-aniversario-del-colegio\/","title":{"rendered":"Arranca el 50 Aniversario del Colegio"},"content":{"rendered":"<div id=\"fb-root\"><\/div>\n<div dir=\"auto\">En la jornada del pasado 6 de Noviembre, se present\u00f3, ante los medios de comunicaci\u00f3n, el inicio de este a\u00f1o de conmemoraciones en torno a los 50 a\u00f1os de vida de nuestro colegio. En \u00e9l se desgranaron los diferentes actos que tendr\u00e1n lugar durante todo el curso.<\/div>\n<div dir=\"auto\">En dicho acto estuvieron presentes Teodoro Castillejo, Titular de la Obra; Araceli Moreno; Directora de Centro; as\u00ed como Pedro Poza, coordinador del cincuentenario; y Pilar Tapia, coordinadora de comunicaci\u00f3n.<\/div>\n<div dir=\"auto\">\u00a1Desde esta l\u00edneas, queremos agradecer a todos los medios de comunicaci\u00f3n por ser altavoz de nuestra labor.<\/div>\n<div dir=\"auto\"><\/div>\n<div dir=\"auto\"><\/div>\n<div dir=\"auto\"><img loading=\"lazy\" decoding=\"async\" class=\"aligncenter wp-image-5772\" src=\"https:\/\/linares.salesianos.edu\/colegio\/wp-content\/uploads\/sites\/16\/2020\/11\/124169009_3505798206170182_7865466768302780822_o-1024x563.jpg\" alt=\"\" width=\"833\" height=\"458\" \/><\/div>\n","protected":false},"excerpt":{"rendered":"<p>En la jornada del pasado 6 de Noviembre, se present\u00f3, ante los medios de comunicaci\u00f3n, el inicio de este a\u00f1o de conmemoraciones en torno a los 50 a\u00f1os de vida de nuestro colegio. En \u00e9l se desgranaron los diferentes actos que tendr\u00e1n lugar durante todo el curso. En dicho acto estuvieron presentes Teodoro Castillejo, Titular [&hellip;]<\/p>\n","protected":false},"author":3,"featured_media":0,"comment_status":"open","ping_status":"open","sticky":false,"template":"","format":"standard","meta":{"_et_pb_use_builder":"off","_et_pb_old_content":"","_et_gb_content_width":"","footnotes":""},"categories":[17,15],"tags":[],"class_list":["post-5771","post","type-post","status-publish","format-standard","hentry","category-colegio","category-portada-noticias"],"yoast_head":"<!-- This site is optimized with the Yoast SEO plugin v28.4 - https:\/\/yoast.com\/product\/yoast-seo-wordpress\/ -->\n<title>Arranca el 50 Aniversario del Colegio - Colegio<\/title>\n<meta name=\"robots\" content=\"index, follow, max-snippet:-1, max-image-preview:large, max-video-preview:-1\" \/>\n<link rel=\"canonical\" href=\"https:\/\/linares.salesianos.edu\/colegio\/arranca-el-50-aniversario-del-colegio\/\" \/>\n<meta property=\"og:locale\" content=\"es_ES\" \/>\n<meta property=\"og:type\" content=\"article\" \/>\n<meta property=\"og:title\" content=\"Arranca el 50 Aniversario del Colegio - Colegio\" \/>\n<meta property=\"og:description\" content=\"En la jornada del pasado 6 de Noviembre, se present\u00f3, ante los medios de comunicaci\u00f3n, el inicio de este a\u00f1o de conmemoraciones en torno a los 50 a\u00f1os de vida de nuestro colegio. En \u00e9l se desgranaron los diferentes actos que tendr\u00e1n lugar durante todo el curso. En dicho acto estuvieron presentes Teodoro Castillejo, Titular [&hellip;]\" \/>\n<meta property=\"og:url\" content=\"https:\/\/linares.salesianos.edu\/colegio\/arranca-el-50-aniversario-del-colegio\/\" \/>\n<meta property=\"og:site_name\" content=\"Colegio\" \/>\n<meta property=\"article:published_time\" content=\"2020-11-10T13:40:07+00:00\" \/>\n<meta property=\"article:modified_time\" content=\"2020-11-11T17:58:38+00:00\" \/>\n<meta property=\"og:image\" content=\"https:\/\/linares.salesianos.edu\/colegio\/wp-content\/uploads\/sites\/16\/2020\/11\/124169009_3505798206170182_7865466768302780822_o-1024x563.jpg\" \/>\n<meta name=\"author\" content=\"Gestor Web\" \/>\n<meta name=\"twitter:card\" content=\"summary_large_image\" \/>\n<meta name=\"twitter:label1\" content=\"Escrito por\" \/>\n\t<meta name=\"twitter:data1\" content=\"Gestor Web\" \/>\n<script type=\"application\/ld+json\" class=\"yoast-schema-graph\">{\"@context\":\"https:\\\/\\\/schema.org\",\"@graph\":[{\"@type\":\"Article\",\"@id\":\"https:\\\/\\\/linares.salesianos.edu\\\/colegio\\\/arranca-el-50-aniversario-del-colegio\\\/#article\",\"isPartOf\":{\"@id\":\"https:\\\/\\\/linares.salesianos.edu\\\/colegio\\\/arranca-el-50-aniversario-del-colegio\\\/\"},\"author\":{\"name\":\"Gestor Web\",\"@id\":\"https:\\\/\\\/linares.salesianos.edu\\\/colegio\\\/#\\\/schema\\\/person\\\/761874a1b5fc292d8430c2be03bc4c30\"},\"headline\":\"Arranca el 50 Aniversario del Colegio\",\"datePublished\":\"2020-11-10T13:40:07+00:00\",\"dateModified\":\"2020-11-11T17:58:38+00:00\",\"mainEntityOfPage\":{\"@id\":\"https:\\\/\\\/linares.salesianos.edu\\\/colegio\\\/arranca-el-50-aniversario-del-colegio\\\/\"},\"wordCount\":103,\"commentCount\":0,\"image\":{\"@id\":\"https:\\\/\\\/linares.salesianos.edu\\\/colegio\\\/arranca-el-50-aniversario-del-colegio\\\/#primaryimage\"},\"thumbnailUrl\":\"https:\\\/\\\/linares.salesianos.edu\\\/colegio\\\/wp-content\\\/uploads\\\/sites\\\/16\\\/2020\\\/11\\\/124169009_3505798206170182_7865466768302780822_o-1024x563.jpg\",\"articleSection\":[\"Colegio\",\"Portada noticias\"],\"inLanguage\":\"es\",\"potentialAction\":[{\"@type\":\"CommentAction\",\"name\":\"Comment\",\"target\":[\"https:\\\/\\\/linares.salesianos.edu\\\/colegio\\\/arranca-el-50-aniversario-del-colegio\\\/#respond\"]}]},{\"@type\":\"WebPage\",\"@id\":\"https:\\\/\\\/linares.salesianos.edu\\\/colegio\\\/arranca-el-50-aniversario-del-colegio\\\/\",\"url\":\"https:\\\/\\\/linares.salesianos.edu\\\/colegio\\\/arranca-el-50-aniversario-del-colegio\\\/\",\"name\":\"Arranca el 50 Aniversario del Colegio - Colegio\",\"isPartOf\":{\"@id\":\"https:\\\/\\\/linares.salesianos.edu\\\/colegio\\\/#website\"},\"primaryImageOfPage\":{\"@id\":\"https:\\\/\\\/linares.salesianos.edu\\\/colegio\\\/arranca-el-50-aniversario-del-colegio\\\/#primaryimage\"},\"image\":{\"@id\":\"https:\\\/\\\/linares.salesianos.edu\\\/colegio\\\/arranca-el-50-aniversario-del-colegio\\\/#primaryimage\"},\"thumbnailUrl\":\"https:\\\/\\\/linares.salesianos.edu\\\/colegio\\\/wp-content\\\/uploads\\\/sites\\\/16\\\/2020\\\/11\\\/124169009_3505798206170182_7865466768302780822_o-1024x563.jpg\",\"datePublished\":\"2020-11-10T13:40:07+00:00\",\"dateModified\":\"2020-11-11T17:58:38+00:00\",\"author\":{\"@id\":\"https:\\\/\\\/linares.salesianos.edu\\\/colegio\\\/#\\\/schema\\\/person\\\/761874a1b5fc292d8430c2be03bc4c30\"},\"breadcrumb\":{\"@id\":\"https:\\\/\\\/linares.salesianos.edu\\\/colegio\\\/arranca-el-50-aniversario-del-colegio\\\/#breadcrumb\"},\"inLanguage\":\"es\",\"potentialAction\":[{\"@type\":\"ReadAction\",\"target\":[\"https:\\\/\\\/linares.salesianos.edu\\\/colegio\\\/arranca-el-50-aniversario-del-colegio\\\/\"]}]},{\"@type\":\"ImageObject\",\"inLanguage\":\"es\",\"@id\":\"https:\\\/\\\/linares.salesianos.edu\\\/colegio\\\/arranca-el-50-aniversario-del-colegio\\\/#primaryimage\",\"url\":\"https:\\\/\\\/linares.salesianos.edu\\\/colegio\\\/wp-content\\\/uploads\\\/sites\\\/16\\\/2020\\\/11\\\/124169009_3505798206170182_7865466768302780822_o.jpg\",\"contentUrl\":\"https:\\\/\\\/linares.salesianos.edu\\\/colegio\\\/wp-content\\\/uploads\\\/sites\\\/16\\\/2020\\\/11\\\/124169009_3505798206170182_7865466768302780822_o.jpg\",\"width\":2048,\"height\":1126},{\"@type\":\"BreadcrumbList\",\"@id\":\"https:\\\/\\\/linares.salesianos.edu\\\/colegio\\\/arranca-el-50-aniversario-del-colegio\\\/#breadcrumb\",\"itemListElement\":[{\"@type\":\"ListItem\",\"position\":1,\"name\":\"Portada\",\"item\":\"https:\\\/\\\/linares.salesianos.edu\\\/colegio\\\/\"},{\"@type\":\"ListItem\",\"position\":2,\"name\":\"Arranca el 50 Aniversario del Colegio\"}]},{\"@type\":\"WebSite\",\"@id\":\"https:\\\/\\\/linares.salesianos.edu\\\/colegio\\\/#website\",\"url\":\"https:\\\/\\\/linares.salesianos.edu\\\/colegio\\\/\",\"name\":\"Colegio\",\"description\":\"P\u00e1gina oficial Salesianos Linares\",\"potentialAction\":[{\"@type\":\"SearchAction\",\"target\":{\"@type\":\"EntryPoint\",\"urlTemplate\":\"https:\\\/\\\/linares.salesianos.edu\\\/colegio\\\/?s={search_term_string}\"},\"query-input\":{\"@type\":\"PropertyValueSpecification\",\"valueRequired\":true,\"valueName\":\"search_term_string\"}}],\"inLanguage\":\"es\"},{\"@type\":\"Person\",\"@id\":\"https:\\\/\\\/linares.salesianos.edu\\\/colegio\\\/#\\\/schema\\\/person\\\/761874a1b5fc292d8430c2be03bc4c30\",\"name\":\"Gestor Web\",\"image\":{\"@type\":\"ImageObject\",\"inLanguage\":\"es\",\"@id\":\"https:\\\/\\\/secure.gravatar.com\\\/avatar\\\/b73ca4bac25ce7754f7f4385e9e2fa5555a4790c6e3856e5a7fd8fac2e605e64?s=96&d=mm&r=g\",\"url\":\"https:\\\/\\\/secure.gravatar.com\\\/avatar\\\/b73ca4bac25ce7754f7f4385e9e2fa5555a4790c6e3856e5a7fd8fac2e605e64?s=96&d=mm&r=g\",\"contentUrl\":\"https:\\\/\\\/secure.gravatar.com\\\/avatar\\\/b73ca4bac25ce7754f7f4385e9e2fa5555a4790c6e3856e5a7fd8fac2e605e64?s=96&d=mm&r=g\",\"caption\":\"Gestor Web\"}}]}<\/script>\n<!-- \/ Yoast SEO plugin. -->","yoast_head_json":{"title":"Arranca el 50 Aniversario del Colegio - Colegio","robots":{"index":"index","follow":"follow","max-snippet":"max-snippet:-1","max-image-preview":"max-image-preview:large","max-video-preview":"max-video-preview:-1"},"canonical":"https:\/\/linares.salesianos.edu\/colegio\/arranca-el-50-aniversario-del-colegio\/","og_locale":"es_ES","og_type":"article","og_title":"Arranca el 50 Aniversario del Colegio - Colegio","og_description":"En la jornada del pasado 6 de Noviembre, se present\u00f3, ante los medios de comunicaci\u00f3n, el inicio de este a\u00f1o de conmemoraciones en torno a los 50 a\u00f1os de vida de nuestro colegio. En \u00e9l se desgranaron los diferentes actos que tendr\u00e1n lugar durante todo el curso. En dicho acto estuvieron presentes Teodoro Castillejo, Titular [&hellip;]","og_url":"https:\/\/linares.salesianos.edu\/colegio\/arranca-el-50-aniversario-del-colegio\/","og_site_name":"Colegio","article_published_time":"2020-11-10T13:40:07+00:00","article_modified_time":"2020-11-11T17:58:38+00:00","og_image":[{"url":"https:\/\/linares.salesianos.edu\/colegio\/wp-content\/uploads\/sites\/16\/2020\/11\/124169009_3505798206170182_7865466768302780822_o-1024x563.jpg","type":"","width":"","height":""}],"author":"Gestor Web","twitter_card":"summary_large_image","twitter_misc":{"Escrito por":"Gestor Web"},"schema":{"@context":"https:\/\/schema.org","@graph":[{"@type":"Article","@id":"https:\/\/linares.salesianos.edu\/colegio\/arranca-el-50-aniversario-del-colegio\/#article","isPartOf":{"@id":"https:\/\/linares.salesianos.edu\/colegio\/arranca-el-50-aniversario-del-colegio\/"},"author":{"name":"Gestor Web","@id":"https:\/\/linares.salesianos.edu\/colegio\/#\/schema\/person\/761874a1b5fc292d8430c2be03bc4c30"},"headline":"Arranca el 50 Aniversario del Colegio","datePublished":"2020-11-10T13:40:07+00:00","dateModified":"2020-11-11T17:58:38+00:00","mainEntityOfPage":{"@id":"https:\/\/linares.salesianos.edu\/colegio\/arranca-el-50-aniversario-del-colegio\/"},"wordCount":103,"commentCount":0,"image":{"@id":"https:\/\/linares.salesianos.edu\/colegio\/arranca-el-50-aniversario-del-colegio\/#primaryimage"},"thumbnailUrl":"https:\/\/linares.salesianos.edu\/colegio\/wp-content\/uploads\/sites\/16\/2020\/11\/124169009_3505798206170182_7865466768302780822_o-1024x563.jpg","articleSection":["Colegio","Portada noticias"],"inLanguage":"es","potentialAction":[{"@type":"CommentAction","name":"Comment","target":["https:\/\/linares.salesianos.edu\/colegio\/arranca-el-50-aniversario-del-colegio\/#respond"]}]},{"@type":"WebPage","@id":"https:\/\/linares.salesianos.edu\/colegio\/arranca-el-50-aniversario-del-colegio\/","url":"https:\/\/linares.salesianos.edu\/colegio\/arranca-el-50-aniversario-del-colegio\/","name":"Arranca el 50 Aniversario del Colegio - Colegio","isPartOf":{"@id":"https:\/\/linares.salesianos.edu\/colegio\/#website"},"primaryImageOfPage":{"@id":"https:\/\/linares.salesianos.edu\/colegio\/arranca-el-50-aniversario-del-colegio\/#primaryimage"},"image":{"@id":"https:\/\/linares.salesianos.edu\/colegio\/arranca-el-50-aniversario-del-colegio\/#primaryimage"},"thumbnailUrl":"https:\/\/linares.salesianos.edu\/colegio\/wp-content\/uploads\/sites\/16\/2020\/11\/124169009_3505798206170182_7865466768302780822_o-1024x563.jpg","datePublished":"2020-11-10T13:40:07+00:00","dateModified":"2020-11-11T17:58:38+00:00","author":{"@id":"https:\/\/linares.salesianos.edu\/colegio\/#\/schema\/person\/761874a1b5fc292d8430c2be03bc4c30"},"breadcrumb":{"@id":"https:\/\/linares.salesianos.edu\/colegio\/arranca-el-50-aniversario-del-colegio\/#breadcrumb"},"inLanguage":"es","potentialAction":[{"@type":"ReadAction","target":["https:\/\/linares.salesianos.edu\/colegio\/arranca-el-50-aniversario-del-colegio\/"]}]},{"@type":"ImageObject","inLanguage":"es","@id":"https:\/\/linares.salesianos.edu\/colegio\/arranca-el-50-aniversario-del-colegio\/#primaryimage","url":"https:\/\/linares.salesianos.edu\/colegio\/wp-content\/uploads\/sites\/16\/2020\/11\/124169009_3505798206170182_7865466768302780822_o.jpg","contentUrl":"https:\/\/linares.salesianos.edu\/colegio\/wp-content\/uploads\/sites\/16\/2020\/11\/124169009_3505798206170182_7865466768302780822_o.jpg","width":2048,"height":1126},{"@type":"BreadcrumbList","@id":"https:\/\/linares.salesianos.edu\/colegio\/arranca-el-50-aniversario-del-colegio\/#breadcrumb","itemListElement":[{"@type":"ListItem","position":1,"name":"Portada","item":"https:\/\/linares.salesianos.edu\/colegio\/"},{"@type":"ListItem","position":2,"name":"Arranca el 50 Aniversario del Colegio"}]},{"@type":"WebSite","@id":"https:\/\/linares.salesianos.edu\/colegio\/#website","url":"https:\/\/linares.salesianos.edu\/colegio\/","name":"Colegio","description":"P\u00e1gina oficial Salesianos Linares","potentialAction":[{"@type":"SearchAction","target":{"@type":"EntryPoint","urlTemplate":"https:\/\/linares.salesianos.edu\/colegio\/?s={search_term_string}"},"query-input":{"@type":"PropertyValueSpecification","valueRequired":true,"valueName":"search_term_string"}}],"inLanguage":"es"},{"@type":"Person","@id":"https:\/\/linares.salesianos.edu\/colegio\/#\/schema\/person\/761874a1b5fc292d8430c2be03bc4c30","name":"Gestor Web","image":{"@type":"ImageObject","inLanguage":"es","@id":"https:\/\/secure.gravatar.com\/avatar\/b73ca4bac25ce7754f7f4385e9e2fa5555a4790c6e3856e5a7fd8fac2e605e64?s=96&d=mm&r=g","url":"https:\/\/secure.gravatar.com\/avatar\/b73ca4bac25ce7754f7f4385e9e2fa5555a4790c6e3856e5a7fd8fac2e605e64?s=96&d=mm&r=g","contentUrl":"https:\/\/secure.gravatar.com\/avatar\/b73ca4bac25ce7754f7f4385e9e2fa5555a4790c6e3856e5a7fd8fac2e605e64?s=96&d=mm&r=g","caption":"Gestor Web"}}]}},"_links":{"self":[{"href":"https:\/\/linares.salesianos.edu\/colegio\/wp-json\/wp\/v2\/posts\/5771","targetHints":{"allow":["GET"]}}],"collection":[{"href":"https:\/\/linares.salesianos.edu\/colegio\/wp-json\/wp\/v2\/posts"}],"about":[{"href":"https:\/\/linares.salesianos.edu\/colegio\/wp-json\/wp\/v2\/types\/post"}],"author":[{"embeddable":true,"href":"https:\/\/linares.salesianos.edu\/colegio\/wp-json\/wp\/v2\/users\/3"}],"replies":[{"embeddable":true,"href":"https:\/\/linares.salesianos.edu\/colegio\/wp-json\/wp\/v2\/comments?post=5771"}],"version-history":[{"count":1,"href":"https:\/\/linares.salesianos.edu\/colegio\/wp-json\/wp\/v2\/posts\/5771\/revisions"}],"predecessor-version":[{"id":5773,"href":"https:\/\/linares.salesianos.edu\/colegio\/wp-json\/wp\/v2\/posts\/5771\/revisions\/5773"}],"wp:attachment":[{"href":"https:\/\/linares.salesianos.edu\/colegio\/wp-json\/wp\/v2\/media?parent=5771"}],"wp:term":[{"taxonomy":"category","embeddable":true,"href":"https:\/\/linares.salesianos.edu\/colegio\/wp-json\/wp\/v2\/categories?post=5771"},{"taxonomy":"post_tag","embeddable":true,"href":"https:\/\/linares.salesianos.edu\/colegio\/wp-json\/wp\/v2\/tags?post=5771"}],"curies":[{"name":"wp","href":"https:\/\/api.w.org\/{rel}","templated":true}]}}